{"id":791,"date":"2017-10-23T14:36:23","date_gmt":"2017-10-23T12:36:23","guid":{"rendered":"http:\/\/zswielen.com.pl\/?p=791"},"modified":"2017-10-23T14:36:23","modified_gmt":"2017-10-23T12:36:23","slug":"udzial-w-laboratoriach-w-ramach-projektu-czas-zawodowcow-bis","status":"publish","type":"post","link":"http:\/\/zswielen.com.pl\/index.php\/2017\/10\/23\/udzial-w-laboratoriach-w-ramach-projektu-czas-zawodowcow-bis\/","title":{"rendered":"Udzia\u0142 w laboratoriach w ramach projektu &#8222;Czas zawodowc\u00f3w bis&#8221;."},"content":{"rendered":"<p>W dniach od 9 do 13 pa\u017adziernika uczniowie klasy III Technikum im. hetmana Stefana Czarnieckiego w Wieleniu wzi\u0119li udzia\u0142 w laboratoriach zorganizowanych przez Politechnik\u0119 Pozna\u0144sk\u0105 w ramach projektu <strong>\u201eCzas zawodowc\u00f3w bis\u201d.<\/strong> Zaj\u0119cia odbywa\u0142y si\u0119 na terenie Zespo\u0142u Szk\u00f3\u0142 Ekonomicznych w Pile. Podczas pierwszych zaj\u0119\u0107\u00a0 uczniowie\u00a0 zostali poddani diagnozie, a kolejne dni\u00a0 zaj\u0119\u0107 polega\u0142y na \u00a0podnoszeniu swojej wiedzy oraz \u00a0posiadanych umiej\u0119tno\u015bci\u00a0 \u00a0i kompetencji. Uczniowie z klasy logistycznej pracowali z bramk\u0105 RFID, tagami i programami:\u00a0 BarTenderUltraLite, Comax, Comarch ERP Update Agent. Projektowali etykiety logistyczne, wyznaczali \u00a0trasy przewoz\u00f3w towar\u00f3w, wype\u0142niali dokumentacj\u0119 magazynow\u0105 i transportow\u0105 oraz zak\u0142adali swoje w\u0142asne firmy. Uczniowie kierunku informatycznego natomiast drukowali na drukarkach 3D i ploterach wielkoformatowych. Uczniowie tworzyli strony internetowe w programie WordPress oraz spawali \u015bwiat\u0142owody tworz\u0105c sie\u0107 LAN. Budowali\u00a0 r\u00f3wnie\u017c \u00a0sieci komputerowe na istniej\u0105cej sieci elektrycznej oraz konfigurowali routery DSL oraz bramki VoIP. Wszystkie zaj\u0119cia\u00a0 \u00a0w wymiarze o\u015bmiu godzin dziennie od poniedzia\u0142ku do pi\u0105tku przebiega\u0142y w bardzo mi\u0142ej atmosferze co by\u0142o zas\u0142ug\u0105 prowadz\u0105cych referent\u00f3w. Na zako\u0144czenie laboratori\u00f3w dokonano oceny ka\u017cdego ucznia , jego umiej\u0119tno\u015bci i przyrostu wiedzy. W trakcie zaj\u0119\u0107 uczniowie wzi\u0119li r\u00f3wnie\u017c dzia\u0142 w szkoleniu z u\u017cytkowania systemu &#8211; zawodowcy.org, \u00a0kt\u00f3ry umo\u017cliwia przygotowanie si\u0119 do przysz\u0142ych egzamin\u00f3w zawodowych oraz nawi\u0105zania kontakt\u00f3w z przysz\u0142ymi pracodawcami. \u00a0Na zako\u0144czenie zaj\u0119\u0107 uczniowie otrzymali \u00a0certyfikat uko\u0144czenia laboratori\u00f3w, w kt\u00f3rym uwzgl\u0119dnione zosta\u0142y wcze\u015bniejsze i \u00a0nowe umiej\u0119tno\u015bci.<\/p>\n<p>M\u0142odzie\u017c Zespo\u0142u Szk\u00f3\u0142 w Wieleniu wykaza\u0142a si\u0119 pracowito\u015bci\u0105, innowacyjno\u015bci\u0105\u00a0 \u00a0i entuzjazmem, co zosta\u0142o zauwa\u017cone przez prowadz\u0105cych zaj\u0119cia. Wszyscy uczniowie uzyskali certyfikat z ocen\u0105 celuj\u0105c\u0105.\u00a0 Kolejnym etapem projektu b\u0119dzie udzia\u0142 naszej m\u0142odzie\u017cy w sta\u017cach w okresie letnim w lokalnych przedsi\u0119biorstwach.<\/p>\n<div id='gallery-1' class='gallery galleryid-791 gallery-columns-3 gallery-size-thumbnail'><figure class='gallery-item'>\n\t\t\t<div class='gallery-icon landscape'>\n\t\t\t\t<a href='http:\/\/zswielen.com.pl\/index.php\/2017\/10\/23\/udzial-w-laboratoriach-w-ramach-projektu-czas-zawodowcow-bis\/20171011_100350\/'><img loading=\"lazy\" decoding=\"async\" width=\"150\" height=\"150\" src=\"http:\/\/zswielen.com.pl\/wp-content\/uploads\/2017\/10\/20171011_100350-150x150.jpg\" class=\"attachment-thumbnail size-thumbnail\" alt=\"\" \/><\/a>\n\t\t\t<\/div><\/figure><figure class='gallery-item'>\n\t\t\t<div class='gallery-icon landscape'>\n\t\t\t\t<a href='http:\/\/zswielen.com.pl\/index.php\/2017\/10\/23\/udzial-w-laboratoriach-w-ramach-projektu-czas-zawodowcow-bis\/20171011_100444\/'><img loading=\"lazy\" decoding=\"async\" width=\"150\" height=\"150\" src=\"http:\/\/zswielen.com.pl\/wp-content\/uploads\/2017\/10\/20171011_100444-150x150.jpg\" class=\"attachment-thumbnail size-thumbnail\" alt=\"\" \/><\/a>\n\t\t\t<\/div><\/figure><figure class='gallery-item'>\n\t\t\t<div class='gallery-icon portrait'>\n\t\t\t\t<a href='http:\/\/zswielen.com.pl\/index.php\/2017\/10\/23\/udzial-w-laboratoriach-w-ramach-projektu-czas-zawodowcow-bis\/22309021_2037287523173212_2711547363446866172_n\/'><img loading=\"lazy\" decoding=\"async\" width=\"150\" height=\"150\" src=\"http:\/\/zswielen.com.pl\/wp-content\/uploads\/2017\/10\/22309021_2037287523173212_2711547363446866172_n-150x150.jpg\" class=\"attachment-thumbnail size-thumbnail\" alt=\"\" \/><\/a>\n\t\t\t<\/div><\/figure><figure class='gallery-item'>\n\t\t\t<div class='gallery-icon portrait'>\n\t\t\t\t<a href='http:\/\/zswielen.com.pl\/index.php\/2017\/10\/23\/udzial-w-laboratoriach-w-ramach-projektu-czas-zawodowcow-bis\/22449913_2037756419792989_8888878390610627602_n\/'><img loading=\"lazy\" decoding=\"async\" width=\"150\" height=\"150\" src=\"http:\/\/zswielen.com.pl\/wp-content\/uploads\/2017\/10\/22449913_2037756419792989_8888878390610627602_n-150x150.jpg\" class=\"attachment-thumbnail size-thumbnail\" alt=\"\" \/><\/a>\n\t\t\t<\/div><\/figure><figure class='gallery-item'>\n\t\t\t<div class='gallery-icon landscape'>\n\t\t\t\t<a href='http:\/\/zswielen.com.pl\/index.php\/2017\/10\/23\/udzial-w-laboratoriach-w-ramach-projektu-czas-zawodowcow-bis\/22472124_1511992222180675_1831834807_o\/'><img loading=\"lazy\" decoding=\"async\" width=\"150\" height=\"150\" src=\"http:\/\/zswielen.com.pl\/wp-content\/uploads\/2017\/10\/22472124_1511992222180675_1831834807_o-150x150.jpg\" class=\"attachment-thumbnail size-thumbnail\" alt=\"\" \/><\/a>\n\t\t\t<\/div><\/figure>\n\t\t<\/div>\n\n","protected":false},"excerpt":{"rendered":"<p>W dniach od 9 do 13 pa\u017adziernika uczniowie klasy III Technikum im. hetmana Stefana Czarnieckiego w Wieleniu wzi\u0119li udzia\u0142 w laboratoriach zorganizowanych przez Politechnik\u0119 Pozna\u0144sk\u0105 w ramach projektu \u201eCzas zawodowc\u00f3w bis\u201d. Zaj\u0119cia odbywa\u0142y si\u0119 na terenie Zespo\u0142u Szk\u00f3\u0142 Ekonomicznych w <a href=\"http:\/\/zswielen.com.pl\/index.php\/2017\/10\/23\/udzial-w-laboratoriach-w-ramach-projektu-czas-zawodowcow-bis\/\" class=\"read-more\">Read More &#8230;<\/a><\/p>\n","protected":false},"author":2,"featured_media":0,"comment_status":"closed","ping_status":"closed","sticky":false,"template":"","format":"standard","meta":{"footnotes":""},"categories":[1],"tags":[],"class_list":["post-791","post","type-post","status-publish","format-standard","hentry","category-imprezy-szkolne-imprezy-szkolne"],"_links":{"self":[{"href":"http:\/\/zswielen.com.pl\/index.php\/wp-json\/wp\/v2\/posts\/791","targetHints":{"allow":["GET"]}}],"collection":[{"href":"http:\/\/zswielen.com.pl\/index.php\/wp-json\/wp\/v2\/posts"}],"about":[{"href":"http:\/\/zswielen.com.pl\/index.php\/wp-json\/wp\/v2\/types\/post"}],"author":[{"embeddable":true,"href":"http:\/\/zswielen.com.pl\/index.php\/wp-json\/wp\/v2\/users\/2"}],"replies":[{"embeddable":true,"href":"http:\/\/zswielen.com.pl\/index.php\/wp-json\/wp\/v2\/comments?post=791"}],"version-history":[{"count":1,"href":"http:\/\/zswielen.com.pl\/index.php\/wp-json\/wp\/v2\/posts\/791\/revisions"}],"predecessor-version":[{"id":797,"href":"http:\/\/zswielen.com.pl\/index.php\/wp-json\/wp\/v2\/posts\/791\/revisions\/797"}],"wp:attachment":[{"href":"http:\/\/zswielen.com.pl\/index.php\/wp-json\/wp\/v2\/media?parent=791"}],"wp:term":[{"taxonomy":"category","embeddable":true,"href":"http:\/\/zswielen.com.pl\/index.php\/wp-json\/wp\/v2\/categories?post=791"},{"taxonomy":"post_tag","embeddable":true,"href":"http:\/\/zswielen.com.pl\/index.php\/wp-json\/wp\/v2\/tags?post=791"}],"curies":[{"name":"wp","href":"https:\/\/api.w.org\/{rel}","templated":true}]}}