{"id":3578,"date":"2026-04-28T13:06:26","date_gmt":"2026-04-28T11:06:26","guid":{"rendered":"http:\/\/zswielen.com.pl\/?p=3578"},"modified":"2026-04-28T13:06:27","modified_gmt":"2026-04-28T11:06:27","slug":"logistycy-na-politechnice-poznanskiej","status":"publish","type":"post","link":"http:\/\/zswielen.com.pl\/index.php\/2026\/04\/28\/logistycy-na-politechnice-poznanskiej\/","title":{"rendered":"Logistycy na Politechnice Pozna\u0144skiej"},"content":{"rendered":"\n<p>Uczniowie klas logistycznych ZS Wiele\u0144 mieli okazj\u0119 odwiedzi\u0107 Politechnik\u0119 Pozna\u0144sk\u0105 na zaproszenie <a href=\"https:\/\/www.facebook.com\/knlogistyka?__cft__[0]=AZYkd2dHMeJmXrJIQ_MqcgMBVHdqCt2sejSwnADhy3TVl_G8zpiC-bYuIVnAJ1H_nsfCI1PW87TI0rEDztg0aoDZ4Yf5H7IXTsT8t2Wmm6Mb3fFSMOHlGIl0dOFtgP-TFrUD2r6QIRN3d0piMwwK_BNh&amp;__tn__=-]K-R\">Ko\u0142o Naukowe Logistyka<\/a>.<\/p>\n\n\n\n<p>Podczas wizyty uczestniczyli w zaj\u0119ciach z zakresu magazynowania oraz transportu wewn\u0119trznego.<img loading=\"lazy\" decoding=\"async\" height=\"16\" width=\"16\" alt=\"\ud83d\udce6\" src=\"https:\/\/static.xx.fbcdn.net\/images\/emoji.php\/v9\/t3d\/1\/16\/1f4e6.png\"><img loading=\"lazy\" decoding=\"async\" height=\"16\" width=\"16\" alt=\"\ud83d\udc77\" src=\"https:\/\/static.xx.fbcdn.net\/images\/emoji.php\/v9\/t2c\/1\/16\/1f477.png\"><img loading=\"lazy\" decoding=\"async\" height=\"16\" width=\"16\" alt=\"\ud83d\ude9b\" src=\"https:\/\/static.xx.fbcdn.net\/images\/emoji.php\/v9\/t97\/1\/16\/1f69b.png\"><\/p>\n\n\n\n<p>Dodatkowo mieli mo\u017cliwo\u015b\u0107 zwiedzenia ca\u0142ego kampusu i poznania reali\u00f3w \u017cycia studenckiego.<img loading=\"lazy\" decoding=\"async\" height=\"16\" width=\"16\" alt=\"\ud83e\uddd1\u200d\ud83c\udf93\" src=\"https:\/\/static.xx.fbcdn.net\/images\/emoji.php\/v9\/t62\/1\/16\/1f9d1_200d_1f393.png\"><img loading=\"lazy\" decoding=\"async\" height=\"16\" width=\"16\" alt=\"\ud83e\uddd1\u200d\ud83c\udf93\" src=\"https:\/\/static.xx.fbcdn.net\/images\/emoji.php\/v9\/t62\/1\/16\/1f9d1_200d_1f393.png\"><\/p>\n\n\n\n<p>Serdecznie dzi\u0119kujemy Panu Grzegorzowi Mleczakowi za mi\u0142e przyj\u0119cie oraz inspiruj\u0105ce spotkanie!<\/p>\n\n\n\n<figure class=\"wp-block-image size-large\"><img loading=\"lazy\" decoding=\"async\" width=\"1024\" height=\"768\" src=\"http:\/\/zswielen.com.pl\/wp-content\/uploads\/2026\/04\/682962324_1497985652337950_242525182683049419_n-1024x768.jpg\" alt=\"\" class=\"wp-image-3579\" srcset=\"http:\/\/zswielen.com.pl\/wp-content\/uploads\/2026\/04\/682962324_1497985652337950_242525182683049419_n-1024x768.jpg 1024w, http:\/\/zswielen.com.pl\/wp-content\/uploads\/2026\/04\/682962324_1497985652337950_242525182683049419_n-300x225.jpg 300w, http:\/\/zswielen.com.pl\/wp-content\/uploads\/2026\/04\/682962324_1497985652337950_242525182683049419_n-768x576.jpg 768w, http:\/\/zswielen.com.pl\/wp-content\/uploads\/2026\/04\/682962324_1497985652337950_242525182683049419_n-1536x1152.jpg 1536w, http:\/\/zswielen.com.pl\/wp-content\/uploads\/2026\/04\/682962324_1497985652337950_242525182683049419_n-360x270.jpg 360w, http:\/\/zswielen.com.pl\/wp-content\/uploads\/2026\/04\/682962324_1497985652337950_242525182683049419_n.jpg 2048w\" sizes=\"auto, (max-width: 1024px) 100vw, 1024px\" \/><\/figure>\n","protected":false},"excerpt":{"rendered":"<p>Uczniowie klas logistycznych ZS Wiele\u0144 mieli okazj\u0119 odwiedzi\u0107 Politechnik\u0119 Pozna\u0144sk\u0105 na zaproszenie Ko\u0142o Naukowe Logistyka. Podczas wizyty uczestniczyli w zaj\u0119ciach z zakresu magazynowania oraz transportu wewn\u0119trznego. Dodatkowo mieli mo\u017cliwo\u015b\u0107 zwiedzenia ca\u0142ego kampusu i poznania reali\u00f3w \u017cycia studenckiego. Serdecznie dzi\u0119kujemy Panu <a href=\"http:\/\/zswielen.com.pl\/index.php\/2026\/04\/28\/logistycy-na-politechnice-poznanskiej\/\" class=\"read-more\">Read More &#8230;<\/a><\/p>\n","protected":false},"author":2,"featured_media":0,"comment_status":"closed","ping_status":"closed","sticky":false,"template":"","format":"standard","meta":{"footnotes":""},"categories":[1],"tags":[],"class_list":["post-3578","post","type-post","status-publish","format-standard","hentry","category-imprezy-szkolne-imprezy-szkolne"],"_links":{"self":[{"href":"http:\/\/zswielen.com.pl\/index.php\/wp-json\/wp\/v2\/posts\/3578","targetHints":{"allow":["GET"]}}],"collection":[{"href":"http:\/\/zswielen.com.pl\/index.php\/wp-json\/wp\/v2\/posts"}],"about":[{"href":"http:\/\/zswielen.com.pl\/index.php\/wp-json\/wp\/v2\/types\/post"}],"author":[{"embeddable":true,"href":"http:\/\/zswielen.com.pl\/index.php\/wp-json\/wp\/v2\/users\/2"}],"replies":[{"embeddable":true,"href":"http:\/\/zswielen.com.pl\/index.php\/wp-json\/wp\/v2\/comments?post=3578"}],"version-history":[{"count":1,"href":"http:\/\/zswielen.com.pl\/index.php\/wp-json\/wp\/v2\/posts\/3578\/revisions"}],"predecessor-version":[{"id":3580,"href":"http:\/\/zswielen.com.pl\/index.php\/wp-json\/wp\/v2\/posts\/3578\/revisions\/3580"}],"wp:attachment":[{"href":"http:\/\/zswielen.com.pl\/index.php\/wp-json\/wp\/v2\/media?parent=3578"}],"wp:term":[{"taxonomy":"category","embeddable":true,"href":"http:\/\/zswielen.com.pl\/index.php\/wp-json\/wp\/v2\/categories?post=3578"},{"taxonomy":"post_tag","embeddable":true,"href":"http:\/\/zswielen.com.pl\/index.php\/wp-json\/wp\/v2\/tags?post=3578"}],"curies":[{"name":"wp","href":"https:\/\/api.w.org\/{rel}","templated":true}]}}