{"id":3571,"date":"2026-04-28T13:04:53","date_gmt":"2026-04-28T11:04:53","guid":{"rendered":"http:\/\/zswielen.com.pl\/?p=3571"},"modified":"2026-04-28T13:04:53","modified_gmt":"2026-04-28T11:04:53","slug":"pozegnanie-klas-maturalnych","status":"publish","type":"post","link":"http:\/\/zswielen.com.pl\/index.php\/2026\/04\/28\/pozegnanie-klas-maturalnych\/","title":{"rendered":"Po\u017cegnanie klas maturalnych"},"content":{"rendered":"\n<p><\/p>\n\n\n\n<p>a nami wyj\u0105tkowa uroczysto\u015b\u0107 po\u017cegnania uczni\u00f3w klas maturalnych Zespo\u0142u Szk\u00f3\u0142 w Wieleniu \u2013 pe\u0142na wzrusze\u0144, podsumowa\u0144 i dumy z osi\u0105gni\u0119\u0107 naszych absolwent\u00f3w. <img loading=\"lazy\" decoding=\"async\" height=\"16\" width=\"16\" alt=\"\ud83e\uddd1\u200d\ud83c\udf93\" src=\"https:\/\/static.xx.fbcdn.net\/images\/emoji.php\/v9\/t62\/1\/16\/1f9d1_200d_1f393.png\"><img loading=\"lazy\" decoding=\"async\" height=\"16\" width=\"16\" alt=\"\ud83e\uddd1\u200d\ud83c\udf93\" src=\"https:\/\/static.xx.fbcdn.net\/images\/emoji.php\/v9\/t62\/1\/16\/1f9d1_200d_1f393.png\"><img loading=\"lazy\" decoding=\"async\" height=\"16\" width=\"16\" alt=\"\ud83e\uddd1\u200d\ud83c\udf93\" src=\"https:\/\/static.xx.fbcdn.net\/images\/emoji.php\/v9\/t62\/1\/16\/1f9d1_200d_1f393.png\"><\/p>\n\n\n\n<p>Podczas uroczysto\u015bci nagrodzeni zostali uczniowie, kt\u00f3rzy uzyskali najlepsze wyniki. <img loading=\"lazy\" decoding=\"async\" height=\"16\" width=\"16\" alt=\"\ud83d\udcdd\" src=\"https:\/\/static.xx.fbcdn.net\/images\/emoji.php\/v9\/tcc\/1\/16\/1f4dd.png\"><\/p>\n\n\n\n<p>Najwy\u017csz\u0105 \u015bredni\u0105 ocen w klasach licealnych uzyska\u0142a Patrycja Kowalska, natomiast w klasach technikalnych \u2013 Julia Sobek. Obie uczennice zosta\u0142y nagrodzone Stypendium Burmistrza, dodatkowo wpisa\u0142y si\u0119 do Z\u0142otej Ksi\u0119gi, w kt\u00f3rej znajduj\u0105 si\u0119 nazwiska najwybitniejszych absolwent\u00f3w naszej szko\u0142y. <img loading=\"lazy\" decoding=\"async\" height=\"16\" width=\"16\" alt=\"\ud83d\udcaa\" src=\"https:\/\/static.xx.fbcdn.net\/images\/emoji.php\/v9\/t6c\/1\/16\/1f4aa.png\"><\/p>\n\n\n\n<p>Podczas uroczysto\u015bci wyr\u00f3\u017cniono r\u00f3wnie\u017c najlepszych sportowc\u00f3w klas maturalnych, kt\u00f3rzy zdobyli liczne tytu\u0142y na r\u00f3\u017cnych szczeblach w tym powiatowym.<\/p>\n\n\n\n<p>Nagrody otrzymali: Julia Sobek, Antonina Haniszewska, Patrycja Kowalska, Kamil Krystek, Marcel Pre\u015b, Kamil Jedy\u0144ski, Jan \u0141ukomski, Miko\u0142aj Maciaszczyk, Filip Mania, Tadeusz M\u0105drawski, Patryk \u017burek, Szymon Grzybowski, Kacper Jusko, Wiktor Sekuterski, Mateusz Polcyn, Kacper Mazur, Dominik Lejman, Mi\u0142osz Szulc oraz Patryk Lewandowski. <img loading=\"lazy\" decoding=\"async\" height=\"16\" width=\"16\" alt=\"\u26f9\ufe0f\" src=\"https:\/\/static.xx.fbcdn.net\/images\/emoji.php\/v9\/t80\/1\/16\/26f9.png\"><img loading=\"lazy\" decoding=\"async\" height=\"16\" width=\"16\" alt=\"\ud83e\udd3c\" src=\"https:\/\/static.xx.fbcdn.net\/images\/emoji.php\/v9\/t21\/1\/16\/1f93c.png\"><img loading=\"lazy\" decoding=\"async\" height=\"16\" width=\"16\" alt=\"\ud83e\udd3e\" src=\"https:\/\/static.xx.fbcdn.net\/images\/emoji.php\/v9\/t23\/1\/16\/1f93e.png\"><\/p>\n\n\n\n<p>Po cz\u0119\u015bci oficjalnej odby\u0142a si\u0119 tradycyjna Gala \u201eLick\u00f3w\u201d \u2013 wyj\u0105tkowa forma wyr\u00f3\u017cnienia osobowo\u015bci rocznika, kt\u00f3ra jak co roku dostarczy\u0142a wielu emocji i rado\u015bci. W tym roku statuetki zdobyli:<\/p>\n\n\n\n<p>1.\u201eM\u00f3zg szko\u0142y\u201d &#8211; Patrycja Kowalska <img loading=\"lazy\" decoding=\"async\" height=\"16\" width=\"16\" alt=\"\ud83e\udde0\" src=\"https:\/\/static.xx.fbcdn.net\/images\/emoji.php\/v9\/t7c\/1\/16\/1f9e0.png\"><\/p>\n\n\n\n<p>2.\u201eGenerator \u015bmiechu&#8221; &#8211; Adrian Biskup <img loading=\"lazy\" decoding=\"async\" height=\"16\" width=\"16\" alt=\"\ud83d\ude02\" src=\"https:\/\/static.xx.fbcdn.net\/images\/emoji.php\/v9\/td0\/1\/16\/1f602.png\"><\/p>\n\n\n\n<p>3. \u201eTechnik przysz\u0142o\u015bci\u201d &#8211; Jakub Zbroszczyk <img loading=\"lazy\" decoding=\"async\" height=\"16\" width=\"16\" alt=\"\ud83e\uddd1\u200d\ud83d\udcbb\" src=\"https:\/\/static.xx.fbcdn.net\/images\/emoji.php\/v9\/tc9\/1\/16\/1f9d1_200d_1f4bb.png\"><\/p>\n\n\n\n<p>4. \u201eM\u0119ski duet\u201d &#8211; Wiktor Sekuterski i Kacper Mazur<img loading=\"lazy\" decoding=\"async\" height=\"16\" width=\"16\" alt=\"\ud83d\udc6c\" src=\"https:\/\/static.xx.fbcdn.net\/images\/emoji.php\/v9\/tb9\/1\/16\/1f46c.png\"><\/p>\n\n\n\n<p>5. \u201ePapu\u017cki nieroz\u0142\u0105czki\u201d &#8211; Wiktoria Grochowska i Nikola Garstka <img loading=\"lazy\" decoding=\"async\" height=\"16\" width=\"16\" alt=\"\ud83d\udc6d\" src=\"https:\/\/static.xx.fbcdn.net\/images\/emoji.php\/v9\/t3a\/1\/16\/1f46d.png\"><\/p>\n\n\n\n<p>6. \u201eIkona stylu szkolnego\u201d &#8211; Alicja Siwiak <img loading=\"lazy\" decoding=\"async\" height=\"16\" width=\"16\" alt=\"\ud83d\udc60\" src=\"https:\/\/static.xx.fbcdn.net\/images\/emoji.php\/v9\/t6\/1\/16\/1f460.png\"><\/p>\n\n\n\n<p>7. \u201eGruba ryba\u201d- Tymoteusz Stochaj <img loading=\"lazy\" decoding=\"async\" height=\"16\" width=\"16\" alt=\"\ud83d\udc1f\" src=\"https:\/\/static.xx.fbcdn.net\/images\/emoji.php\/v9\/t21\/1\/16\/1f41f.png\"><\/p>\n\n\n\n<p>8. \u201eArcymistrz przetrwania edukacji\u201d &#8211; Patryk \u017burek <img loading=\"lazy\" decoding=\"async\" height=\"16\" width=\"16\" alt=\"\ud83e\udd7e\" src=\"https:\/\/static.xx.fbcdn.net\/images\/emoji.php\/v9\/t9f\/1\/16\/1f97e.png\"><\/p>\n\n\n\n<p>9. \u201eSi\u0142acz szko\u0142y\u201d &#8211; Mi\u0142osz Szulc <img loading=\"lazy\" decoding=\"async\" height=\"16\" width=\"16\" alt=\"\ud83d\udcaa\" src=\"https:\/\/static.xx.fbcdn.net\/images\/emoji.php\/v9\/t6c\/1\/16\/1f4aa.png\"><\/p>\n\n\n\n<p>10. \u201eFrekwencja w trybie oszcz\u0119dnym\u201d &#8211; Mateusz Polcyn <img loading=\"lazy\" decoding=\"async\" height=\"16\" width=\"16\" alt=\"\ud83c\udf93\" src=\"https:\/\/static.xx.fbcdn.net\/images\/emoji.php\/v9\/t25\/1\/16\/1f393.png\"><\/p>\n\n\n\n<p>11. \u201eCichy Obserwator\u201d &#8211; Gabriel Komarnicki <img loading=\"lazy\" decoding=\"async\" height=\"16\" width=\"16\" alt=\"\ud83d\udc40\" src=\"https:\/\/static.xx.fbcdn.net\/images\/emoji.php\/v9\/tc8\/1\/16\/1f440.png\"><\/p>\n\n\n\n<p>12. \u201eKr\u00f3l sp\u00f3\u017anie\u0144\u201d &#8211; Jakub Szpalik <img loading=\"lazy\" decoding=\"async\" height=\"16\" width=\"16\" alt=\"\u23f0\" src=\"https:\/\/static.xx.fbcdn.net\/images\/emoji.php\/v9\/t34\/1\/16\/23f0.png\"><\/p>\n\n\n\n<p>13. \u201eMistrzowie zadymki\u201d &#8211; Kacper Jusko i Patryk Lewandowski <img loading=\"lazy\" decoding=\"async\" height=\"16\" width=\"16\" alt=\"\u2694\ufe0f\" src=\"https:\/\/static.xx.fbcdn.net\/images\/emoji.php\/v9\/t8\/1\/16\/2694.png\"><\/p>\n\n\n\n<p>14. \u201eLogiczny strzelec\u201d \u2013Miko\u0142aj Maciaszczyk <img loading=\"lazy\" decoding=\"async\" height=\"16\" width=\"16\" alt=\"\ud83c\udff9\" src=\"https:\/\/static.xx.fbcdn.net\/images\/emoji.php\/v9\/t1e\/1\/16\/1f3f9.png\"><\/p>\n\n\n\n<p>15. \u201eKr\u00f3l st\u0142uczek\u201d &#8211; Kamil Stando <img loading=\"lazy\" decoding=\"async\" height=\"16\" width=\"16\" alt=\"\ud83d\ude98\" src=\"https:\/\/static.xx.fbcdn.net\/images\/emoji.php\/v9\/t6d\/1\/16\/1f698.png\"><\/p>\n\n\n\n<p>16. \u201eSportowa legenda\u201d &#8211; Julia Sobek <img loading=\"lazy\" decoding=\"async\" height=\"16\" width=\"16\" alt=\"\ud83e\udd38\" src=\"https:\/\/static.xx.fbcdn.net\/images\/emoji.php\/v9\/t76\/1\/16\/1f938.png\"><\/p>\n\n\n\n<p>17. \u201eWschodz\u0105ca gwiazda Volleya\u201d &#8211; Janek \u0141ukomski <img loading=\"lazy\" decoding=\"async\" height=\"16\" width=\"16\" alt=\"\u26bd\" src=\"https:\/\/static.xx.fbcdn.net\/images\/emoji.php\/v9\/taf\/1\/16\/26bd.png\"><\/p>\n\n\n\n<p>18. \u201eUkryty Talent\u201d \u2013 Filip Mania <img loading=\"lazy\" decoding=\"async\" height=\"16\" width=\"16\" alt=\"\ud83e\uddd1\u200d\ud83c\udf93\" src=\"https:\/\/static.xx.fbcdn.net\/images\/emoji.php\/v9\/t62\/1\/16\/1f9d1_200d_1f393.png\"><\/p>\n\n\n\n<p>Dodatkowe tytu\u0142y zdoby\u0142y wychowawczynie klas:<\/p>\n\n\n\n<p>\u201eFashion &amp; Deutsch\u201d &#8211; Pani Agnieszka Chabzda<\/p>\n\n\n\n<p>\u201ePatronka uczni\u00f3w\u201d &#8211; Pani Joanna Grabowska<\/p>\n\n\n\n<p>\u201eKr\u00f3lowa planowania\u201d &#8211; Pani Justyna Lembicz<\/p>\n\n\n\n<p>By\u0142 to uroczysty czas sp\u0119dzony w gronie spo\u0142eczno\u015bci uczniowskiej, rodzic\u00f3w oraz zaproszonych go\u015bci, w\u015br\u00f3d kt\u00f3rych znale\u017ali si\u0119 <a href=\"https:\/\/www.facebook.com\/elzbietarybarczyknaburmistrza?__cft__[0]=AZapUskVli9HDkkNf1nOrdR-Ak6DhU5E5dLXhdVJZ6tHNTyWegvxmjjuTXc90co-uY99A9xt7bdVbh5U3LkW06tamUSnkOjGWaevuEUG1C7RZO4wFHOLfocyW2PjyciPz7otfzXkJPyLCpQ9Uba6k8zL&amp;__tn__=-]K-R\">Burmistrz Wielenia El\u017cbieta Rybarczyk<\/a> , Dyrektor Samorz\u0105dowej Administracji O\u015bwiatowej Przemys\u0142aw Grze\u015bkowiak oraz przewodnicz\u0105ca Rady Rodzic\u00f3w Pani Monika Malach.<\/p>\n\n\n\n<p>Drodzy Absolwenci \u2013 \u017cyczymy Wam powodzenia na maturach oraz wielu sukces\u00f3w na dalszej drodze \u017cycia! <img loading=\"lazy\" decoding=\"async\" height=\"16\" width=\"16\" alt=\"\ud83c\udf40\" src=\"https:\/\/static.xx.fbcdn.net\/images\/emoji.php\/v9\/t87\/1\/16\/1f340.png\"><img loading=\"lazy\" decoding=\"async\" height=\"16\" width=\"16\" alt=\"\ud83c\udf40\" src=\"https:\/\/static.xx.fbcdn.net\/images\/emoji.php\/v9\/t87\/1\/16\/1f340.png\"><img loading=\"lazy\" decoding=\"async\" height=\"16\" width=\"16\" alt=\"\ud83c\udf40\" src=\"https:\/\/static.xx.fbcdn.net\/images\/emoji.php\/v9\/t87\/1\/16\/1f340.png\"><\/p>\n\n\n\n<figure class=\"wp-block-image size-large\"><img loading=\"lazy\" decoding=\"async\" width=\"1024\" height=\"683\" src=\"http:\/\/zswielen.com.pl\/wp-content\/uploads\/2026\/04\/684196842_1498774888925693_8219371172351664616_n-1024x683.jpg\" alt=\"\" class=\"wp-image-3572\" srcset=\"http:\/\/zswielen.com.pl\/wp-content\/uploads\/2026\/04\/684196842_1498774888925693_8219371172351664616_n-1024x683.jpg 1024w, http:\/\/zswielen.com.pl\/wp-content\/uploads\/2026\/04\/684196842_1498774888925693_8219371172351664616_n-300x200.jpg 300w, http:\/\/zswielen.com.pl\/wp-content\/uploads\/2026\/04\/684196842_1498774888925693_8219371172351664616_n-768x512.jpg 768w, http:\/\/zswielen.com.pl\/wp-content\/uploads\/2026\/04\/684196842_1498774888925693_8219371172351664616_n-1536x1024.jpg 1536w, http:\/\/zswielen.com.pl\/wp-content\/uploads\/2026\/04\/684196842_1498774888925693_8219371172351664616_n-360x240.jpg 360w, http:\/\/zswielen.com.pl\/wp-content\/uploads\/2026\/04\/684196842_1498774888925693_8219371172351664616_n.jpg 2048w\" sizes=\"auto, (max-width: 1024px) 100vw, 1024px\" \/><\/figure>\n\n\n\n<figure class=\"wp-block-image size-large\"><img loading=\"lazy\" decoding=\"async\" width=\"1024\" height=\"683\" src=\"http:\/\/zswielen.com.pl\/wp-content\/uploads\/2026\/04\/684757267_1498773762259139_8794750601608723611_n-1024x683.jpg\" alt=\"\" class=\"wp-image-3573\" srcset=\"http:\/\/zswielen.com.pl\/wp-content\/uploads\/2026\/04\/684757267_1498773762259139_8794750601608723611_n-1024x683.jpg 1024w, http:\/\/zswielen.com.pl\/wp-content\/uploads\/2026\/04\/684757267_1498773762259139_8794750601608723611_n-300x200.jpg 300w, http:\/\/zswielen.com.pl\/wp-content\/uploads\/2026\/04\/684757267_1498773762259139_8794750601608723611_n-768x512.jpg 768w, http:\/\/zswielen.com.pl\/wp-content\/uploads\/2026\/04\/684757267_1498773762259139_8794750601608723611_n-1536x1024.jpg 1536w, http:\/\/zswielen.com.pl\/wp-content\/uploads\/2026\/04\/684757267_1498773762259139_8794750601608723611_n-360x240.jpg 360w, http:\/\/zswielen.com.pl\/wp-content\/uploads\/2026\/04\/684757267_1498773762259139_8794750601608723611_n.jpg 2048w\" sizes=\"auto, (max-width: 1024px) 100vw, 1024px\" \/><\/figure>\n\n\n\n<figure class=\"wp-block-image size-large\"><img loading=\"lazy\" decoding=\"async\" width=\"1024\" height=\"683\" src=\"http:\/\/zswielen.com.pl\/wp-content\/uploads\/2026\/04\/683435201_1498774578925724_1708202292619206215_n-1024x683.jpg\" alt=\"\" class=\"wp-image-3574\" srcset=\"http:\/\/zswielen.com.pl\/wp-content\/uploads\/2026\/04\/683435201_1498774578925724_1708202292619206215_n-1024x683.jpg 1024w, http:\/\/zswielen.com.pl\/wp-content\/uploads\/2026\/04\/683435201_1498774578925724_1708202292619206215_n-300x200.jpg 300w, http:\/\/zswielen.com.pl\/wp-content\/uploads\/2026\/04\/683435201_1498774578925724_1708202292619206215_n-768x512.jpg 768w, http:\/\/zswielen.com.pl\/wp-content\/uploads\/2026\/04\/683435201_1498774578925724_1708202292619206215_n-1536x1024.jpg 1536w, http:\/\/zswielen.com.pl\/wp-content\/uploads\/2026\/04\/683435201_1498774578925724_1708202292619206215_n-360x240.jpg 360w, http:\/\/zswielen.com.pl\/wp-content\/uploads\/2026\/04\/683435201_1498774578925724_1708202292619206215_n.jpg 2048w\" sizes=\"auto, (max-width: 1024px) 100vw, 1024px\" \/><\/figure>\n\n\n\n<figure class=\"wp-block-image size-large\"><img loading=\"lazy\" decoding=\"async\" width=\"1024\" height=\"683\" src=\"http:\/\/zswielen.com.pl\/wp-content\/uploads\/2026\/04\/684262162_1498769782259537_3034045754990543937_n-1024x683.jpg\" alt=\"\" class=\"wp-image-3576\" srcset=\"http:\/\/zswielen.com.pl\/wp-content\/uploads\/2026\/04\/684262162_1498769782259537_3034045754990543937_n-1024x683.jpg 1024w, http:\/\/zswielen.com.pl\/wp-content\/uploads\/2026\/04\/684262162_1498769782259537_3034045754990543937_n-300x200.jpg 300w, http:\/\/zswielen.com.pl\/wp-content\/uploads\/2026\/04\/684262162_1498769782259537_3034045754990543937_n-768x512.jpg 768w, http:\/\/zswielen.com.pl\/wp-content\/uploads\/2026\/04\/684262162_1498769782259537_3034045754990543937_n-1536x1024.jpg 1536w, http:\/\/zswielen.com.pl\/wp-content\/uploads\/2026\/04\/684262162_1498769782259537_3034045754990543937_n-360x240.jpg 360w, http:\/\/zswielen.com.pl\/wp-content\/uploads\/2026\/04\/684262162_1498769782259537_3034045754990543937_n.jpg 2048w\" sizes=\"auto, (max-width: 1024px) 100vw, 1024px\" \/><\/figure>\n","protected":false},"excerpt":{"rendered":"<p>a nami wyj\u0105tkowa uroczysto\u015b\u0107 po\u017cegnania uczni\u00f3w klas maturalnych Zespo\u0142u Szk\u00f3\u0142 w Wieleniu \u2013 pe\u0142na wzrusze\u0144, podsumowa\u0144 i dumy z osi\u0105gni\u0119\u0107 naszych absolwent\u00f3w. Podczas uroczysto\u015bci nagrodzeni zostali uczniowie, kt\u00f3rzy uzyskali najlepsze wyniki. Najwy\u017csz\u0105 \u015bredni\u0105 ocen w klasach licealnych uzyska\u0142a Patrycja Kowalska, <a href=\"http:\/\/zswielen.com.pl\/index.php\/2026\/04\/28\/pozegnanie-klas-maturalnych\/\" class=\"read-more\">Read More &#8230;<\/a><\/p>\n","protected":false},"author":2,"featured_media":0,"comment_status":"closed","ping_status":"closed","sticky":false,"template":"","format":"standard","meta":{"footnotes":""},"categories":[1],"tags":[],"class_list":["post-3571","post","type-post","status-publish","format-standard","hentry","category-imprezy-szkolne-imprezy-szkolne"],"_links":{"self":[{"href":"http:\/\/zswielen.com.pl\/index.php\/wp-json\/wp\/v2\/posts\/3571","targetHints":{"allow":["GET"]}}],"collection":[{"href":"http:\/\/zswielen.com.pl\/index.php\/wp-json\/wp\/v2\/posts"}],"about":[{"href":"http:\/\/zswielen.com.pl\/index.php\/wp-json\/wp\/v2\/types\/post"}],"author":[{"embeddable":true,"href":"http:\/\/zswielen.com.pl\/index.php\/wp-json\/wp\/v2\/users\/2"}],"replies":[{"embeddable":true,"href":"http:\/\/zswielen.com.pl\/index.php\/wp-json\/wp\/v2\/comments?post=3571"}],"version-history":[{"count":1,"href":"http:\/\/zswielen.com.pl\/index.php\/wp-json\/wp\/v2\/posts\/3571\/revisions"}],"predecessor-version":[{"id":3577,"href":"http:\/\/zswielen.com.pl\/index.php\/wp-json\/wp\/v2\/posts\/3571\/revisions\/3577"}],"wp:attachment":[{"href":"http:\/\/zswielen.com.pl\/index.php\/wp-json\/wp\/v2\/media?parent=3571"}],"wp:term":[{"taxonomy":"category","embeddable":true,"href":"http:\/\/zswielen.com.pl\/index.php\/wp-json\/wp\/v2\/categories?post=3571"},{"taxonomy":"post_tag","embeddable":true,"href":"http:\/\/zswielen.com.pl\/index.php\/wp-json\/wp\/v2\/tags?post=3571"}],"curies":[{"name":"wp","href":"https:\/\/api.w.org\/{rel}","templated":true}]}}