{"id":1013,"date":"2018-01-19T11:28:44","date_gmt":"2018-01-19T10:28:44","guid":{"rendered":"http:\/\/zswielen.com.pl\/?p=1013"},"modified":"2018-01-19T11:28:44","modified_gmt":"2018-01-19T10:28:44","slug":"puchar-jest-nasz","status":"publish","type":"post","link":"http:\/\/zswielen.com.pl\/index.php\/2018\/01\/19\/puchar-jest-nasz\/","title":{"rendered":"PUCHAR JEST NASZ !!!!!!"},"content":{"rendered":"<p><em>PO WIELU EMOCJONUJ\u0104CYCH MECZACH DRU\u017bYNA CH\u0141OPC\u00d3W\u00a0 Z <strong>ZESPO\u0141U SZK\u00d3\u0141 W WIELENIU<\/strong> ZOSTA\u0141A MISTRZEM POWIATU CZARNKOWSKO-TRZCIANECKIEGO W PI\u0141CE KOSZYKOWEJ CH\u0141OPC\u00d3W SZK\u00d3\u0141 PONADGIMNAZJALNYCH. TEN OGROMNY SUKCES ZAPEWNI\u0141 NASZYM BOHATEROM UDZIA\u0141 \u00a0W MISTRZOSTWACH REJONU. WIELKIE BRAWA. <\/em><\/p>\n<p><em>GRATULUJEMY!!!<\/em><\/p>\n<div id='gallery-1' class='gallery galleryid-1013 gallery-columns-3 gallery-size-thumbnail'><figure class='gallery-item'>\n\t\t\t<div class='gallery-icon landscape'>\n\t\t\t\t<a href='http:\/\/zswielen.com.pl\/index.php\/2018\/01\/19\/puchar-jest-nasz\/1b5955acab7ae\/'><img loading=\"lazy\" decoding=\"async\" width=\"150\" height=\"150\" src=\"http:\/\/zswielen.com.pl\/wp-content\/uploads\/2018\/01\/1b5955acab7ae-150x150.jpg\" class=\"attachment-thumbnail size-thumbnail\" alt=\"\" \/><\/a>\n\t\t\t<\/div><\/figure><figure class='gallery-item'>\n\t\t\t<div class='gallery-icon landscape'>\n\t\t\t\t<a href='http:\/\/zswielen.com.pl\/index.php\/2018\/01\/19\/puchar-jest-nasz\/27017906_787688261424230_2064911366_o\/'><img loading=\"lazy\" decoding=\"async\" width=\"150\" height=\"150\" src=\"http:\/\/zswielen.com.pl\/wp-content\/uploads\/2018\/01\/27017906_787688261424230_2064911366_o-150x150.jpg\" class=\"attachment-thumbnail size-thumbnail\" alt=\"\" \/><\/a>\n\t\t\t<\/div><\/figure>\n\t\t<\/div>\n\n","protected":false},"excerpt":{"rendered":"<p>PO WIELU EMOCJONUJ\u0104CYCH MECZACH DRU\u017bYNA CH\u0141OPC\u00d3W\u00a0 Z ZESPO\u0141U SZK\u00d3\u0141 W WIELENIU ZOSTA\u0141A MISTRZEM POWIATU CZARNKOWSKO-TRZCIANECKIEGO W PI\u0141CE KOSZYKOWEJ CH\u0141OPC\u00d3W SZK\u00d3\u0141 PONADGIMNAZJALNYCH. TEN OGROMNY SUKCES ZAPEWNI\u0141 NASZYM BOHATEROM UDZIA\u0141 \u00a0W MISTRZOSTWACH REJONU. WIELKIE BRAWA. GRATULUJEMY!!!<\/p>\n","protected":false},"author":2,"featured_media":0,"comment_status":"closed","ping_status":"closed","sticky":false,"template":"","format":"standard","meta":{"footnotes":""},"categories":[1],"tags":[],"class_list":["post-1013","post","type-post","status-publish","format-standard","hentry","category-imprezy-szkolne-imprezy-szkolne"],"_links":{"self":[{"href":"http:\/\/zswielen.com.pl\/index.php\/wp-json\/wp\/v2\/posts\/1013","targetHints":{"allow":["GET"]}}],"collection":[{"href":"http:\/\/zswielen.com.pl\/index.php\/wp-json\/wp\/v2\/posts"}],"about":[{"href":"http:\/\/zswielen.com.pl\/index.php\/wp-json\/wp\/v2\/types\/post"}],"author":[{"embeddable":true,"href":"http:\/\/zswielen.com.pl\/index.php\/wp-json\/wp\/v2\/users\/2"}],"replies":[{"embeddable":true,"href":"http:\/\/zswielen.com.pl\/index.php\/wp-json\/wp\/v2\/comments?post=1013"}],"version-history":[{"count":1,"href":"http:\/\/zswielen.com.pl\/index.php\/wp-json\/wp\/v2\/posts\/1013\/revisions"}],"predecessor-version":[{"id":1016,"href":"http:\/\/zswielen.com.pl\/index.php\/wp-json\/wp\/v2\/posts\/1013\/revisions\/1016"}],"wp:attachment":[{"href":"http:\/\/zswielen.com.pl\/index.php\/wp-json\/wp\/v2\/media?parent=1013"}],"wp:term":[{"taxonomy":"category","embeddable":true,"href":"http:\/\/zswielen.com.pl\/index.php\/wp-json\/wp\/v2\/categories?post=1013"},{"taxonomy":"post_tag","embeddable":true,"href":"http:\/\/zswielen.com.pl\/index.php\/wp-json\/wp\/v2\/tags?post=1013"}],"curies":[{"name":"wp","href":"https:\/\/api.w.org\/{rel}","templated":true}]}}